{"id":2660,"date":"2025-08-22T18:55:00","date_gmt":"2025-08-22T18:55:00","guid":{"rendered":"https:\/\/csjc.cl\/?p=2660"},"modified":"2025-10-07T18:57:10","modified_gmt":"2025-10-07T18:57:10","slug":"hito-de-la-solidaridad-primero-medio","status":"publish","type":"post","link":"https:\/\/csjc.cl\/index.php\/2025\/08\/22\/hito-de-la-solidaridad-primero-medio\/","title":{"rendered":"Hito de la solidaridad &#8211; primero medio"},"content":{"rendered":"\n<p>Despu\u00e9s de semanas de trabajo, organizaci\u00f3n y acciones solidarias, nuestros estudiantes de 1\u00ba medio junto a sus profesores jefes Nicol Cruces, Leonardo Acu\u00f1a y Carlos Soto, vivieron la celebraci\u00f3n del Hito de la Solidaridad, signo que marca el inicio de la etapa de la misi\u00f3n en nuestro Proyecto Educativo Pastoral.<\/p>\n\n\n\n<p>La Eucarist\u00eda se celebr\u00f3 en el templo parroquial de Santa Filomena, presidida por Monse\u00f1or Bernardo \u00c1lvarez, obispo auxiliar de Concepci\u00f3n, quien en su homil\u00eda anim\u00f3 a nuestros estudiantes a hacer de la solidaridad un estilo de vida, record\u00e1ndoles que ser cristianos significa llevar la fe a las obras concretas de amor, justicia y servicio al pr\u00f3jimo.<\/p>\n\n\n\n<p>\ud83d\ude4f Al finalizar, se bendijo la piocha del Padre Hurtado, signo de este hito, que fue entregada por los profesores jefes y la coordinadora de pastoral a cada estudiante.<\/p>\n\n\n\n<p>El director de pastoral, Harold Medina, agradeci\u00f3 profundamente el compromiso, la motivaci\u00f3n y la participaci\u00f3n de los estudiantes en cada una de las actividades, as\u00ed como la entrega y acompa\u00f1amiento de sus profesores jefes en este camino de crecimiento y fe.<\/p>\n\n\n\n<p>Que el ejemplo del Padre Hurtado siga inspirando a nuestra comunidad a vivir la solidaridad como testimonio de fe y amor. <\/p>\n\n\n\n<div style=\"height:49px\" aria-hidden=\"true\" class=\"wp-block-spacer\"><\/div>\n\n\n\n<figure class=\"wp-block-gallery has-nested-images columns-default is-cropped wp-block-gallery-1 is-layout-flex wp-block-gallery-is-layout-flex\">\n<figure class=\"wp-block-image size-large\"><img loading=\"lazy\" decoding=\"async\" width=\"1024\" height=\"819\" data-id=\"2662\" src=\"https:\/\/csjc.cl\/wp-content\/uploads\/2025\/10\/\u2728-HITO-DE-LA-SOLIDARIDAD-\u2013-PRIMERO-MEDIO-\u2728Despues-de-semanas-de-trabajo-organizacion-y-acciones-1024x819.jpg\" alt=\"\" class=\"wp-image-2662\" srcset=\"https:\/\/csjc.cl\/wp-content\/uploads\/2025\/10\/\u2728-HITO-DE-LA-SOLIDARIDAD-\u2013-PRIMERO-MEDIO-\u2728Despues-de-semanas-de-trabajo-organizacion-y-acciones-1024x819.jpg 1024w, https:\/\/csjc.cl\/wp-content\/uploads\/2025\/10\/\u2728-HITO-DE-LA-SOLIDARIDAD-\u2013-PRIMERO-MEDIO-\u2728Despues-de-semanas-de-trabajo-organizacion-y-acciones-300x240.jpg 300w, https:\/\/csjc.cl\/wp-content\/uploads\/2025\/10\/\u2728-HITO-DE-LA-SOLIDARIDAD-\u2013-PRIMERO-MEDIO-\u2728Despues-de-semanas-de-trabajo-organizacion-y-acciones-768x614.jpg 768w, https:\/\/csjc.cl\/wp-content\/uploads\/2025\/10\/\u2728-HITO-DE-LA-SOLIDARIDAD-\u2013-PRIMERO-MEDIO-\u2728Despues-de-semanas-de-trabajo-organizacion-y-acciones-980x784.jpg 980w, https:\/\/csjc.cl\/wp-content\/uploads\/2025\/10\/\u2728-HITO-DE-LA-SOLIDARIDAD-\u2013-PRIMERO-MEDIO-\u2728Despues-de-semanas-de-trabajo-organizacion-y-acciones-480x384.jpg 480w, https:\/\/csjc.cl\/wp-content\/uploads\/2025\/10\/\u2728-HITO-DE-LA-SOLIDARIDAD-\u2013-PRIMERO-MEDIO-\u2728Despues-de-semanas-de-trabajo-organizacion-y-acciones.jpg 1080w\" sizes=\"(max-width: 1024px) 100vw, 1024px\" \/><\/figure>\n\n\n\n<figure class=\"wp-block-image size-large\"><img loading=\"lazy\" decoding=\"async\" width=\"1024\" height=\"819\" data-id=\"2664\" src=\"https:\/\/csjc.cl\/wp-content\/uploads\/2025\/10\/\u2728-HITO-DE-LA-SOLIDARIDAD-\u2013-PRIMERO-MEDIO-\u2728Despues-de-semanas-de-trabajo-organizacion-y-acciones-12-1024x819.jpg\" alt=\"\" class=\"wp-image-2664\" srcset=\"https:\/\/csjc.cl\/wp-content\/uploads\/2025\/10\/\u2728-HITO-DE-LA-SOLIDARIDAD-\u2013-PRIMERO-MEDIO-\u2728Despues-de-semanas-de-trabajo-organizacion-y-acciones-12-1024x819.jpg 1024w, https:\/\/csjc.cl\/wp-content\/uploads\/2025\/10\/\u2728-HITO-DE-LA-SOLIDARIDAD-\u2013-PRIMERO-MEDIO-\u2728Despues-de-semanas-de-trabajo-organizacion-y-acciones-12-300x240.jpg 300w, https:\/\/csjc.cl\/wp-content\/uploads\/2025\/10\/\u2728-HITO-DE-LA-SOLIDARIDAD-\u2013-PRIMERO-MEDIO-\u2728Despues-de-semanas-de-trabajo-organizacion-y-acciones-12-768x614.jpg 768w, https:\/\/csjc.cl\/wp-content\/uploads\/2025\/10\/\u2728-HITO-DE-LA-SOLIDARIDAD-\u2013-PRIMERO-MEDIO-\u2728Despues-de-semanas-de-trabajo-organizacion-y-acciones-12-980x784.jpg 980w, https:\/\/csjc.cl\/wp-content\/uploads\/2025\/10\/\u2728-HITO-DE-LA-SOLIDARIDAD-\u2013-PRIMERO-MEDIO-\u2728Despues-de-semanas-de-trabajo-organizacion-y-acciones-12-480x384.jpg 480w, https:\/\/csjc.cl\/wp-content\/uploads\/2025\/10\/\u2728-HITO-DE-LA-SOLIDARIDAD-\u2013-PRIMERO-MEDIO-\u2728Despues-de-semanas-de-trabajo-organizacion-y-acciones-12.jpg 1080w\" sizes=\"(max-width: 1024px) 100vw, 1024px\" \/><\/figure>\n\n\n\n<figure class=\"wp-block-image size-large\"><img loading=\"lazy\" decoding=\"async\" width=\"1024\" height=\"819\" data-id=\"2665\" src=\"https:\/\/csjc.cl\/wp-content\/uploads\/2025\/10\/\u2728-HITO-DE-LA-SOLIDARIDAD-\u2013-PRIMERO-MEDIO-\u2728Despues-de-semanas-de-trabajo-organizacion-y-acciones-11-1024x819.jpg\" alt=\"\" class=\"wp-image-2665\" srcset=\"https:\/\/csjc.cl\/wp-content\/uploads\/2025\/10\/\u2728-HITO-DE-LA-SOLIDARIDAD-\u2013-PRIMERO-MEDIO-\u2728Despues-de-semanas-de-trabajo-organizacion-y-acciones-11-1024x819.jpg 1024w, https:\/\/csjc.cl\/wp-content\/uploads\/2025\/10\/\u2728-HITO-DE-LA-SOLIDARIDAD-\u2013-PRIMERO-MEDIO-\u2728Despues-de-semanas-de-trabajo-organizacion-y-acciones-11-300x240.jpg 300w, https:\/\/csjc.cl\/wp-content\/uploads\/2025\/10\/\u2728-HITO-DE-LA-SOLIDARIDAD-\u2013-PRIMERO-MEDIO-\u2728Despues-de-semanas-de-trabajo-organizacion-y-acciones-11-768x614.jpg 768w, https:\/\/csjc.cl\/wp-content\/uploads\/2025\/10\/\u2728-HITO-DE-LA-SOLIDARIDAD-\u2013-PRIMERO-MEDIO-\u2728Despues-de-semanas-de-trabajo-organizacion-y-acciones-11-980x784.jpg 980w, https:\/\/csjc.cl\/wp-content\/uploads\/2025\/10\/\u2728-HITO-DE-LA-SOLIDARIDAD-\u2013-PRIMERO-MEDIO-\u2728Despues-de-semanas-de-trabajo-organizacion-y-acciones-11-480x384.jpg 480w, https:\/\/csjc.cl\/wp-content\/uploads\/2025\/10\/\u2728-HITO-DE-LA-SOLIDARIDAD-\u2013-PRIMERO-MEDIO-\u2728Despues-de-semanas-de-trabajo-organizacion-y-acciones-11.jpg 1080w\" sizes=\"(max-width: 1024px) 100vw, 1024px\" \/><\/figure>\n\n\n\n<figure class=\"wp-block-image size-large\"><img loading=\"lazy\" decoding=\"async\" width=\"1024\" height=\"819\" data-id=\"2661\" src=\"https:\/\/csjc.cl\/wp-content\/uploads\/2025\/10\/\u2728-HITO-DE-LA-SOLIDARIDAD-\u2013-PRIMERO-MEDIO-\u2728Despues-de-semanas-de-trabajo-organizacion-y-acciones-10-1024x819.jpg\" alt=\"\" class=\"wp-image-2661\" srcset=\"https:\/\/csjc.cl\/wp-content\/uploads\/2025\/10\/\u2728-HITO-DE-LA-SOLIDARIDAD-\u2013-PRIMERO-MEDIO-\u2728Despues-de-semanas-de-trabajo-organizacion-y-acciones-10-1024x819.jpg 1024w, https:\/\/csjc.cl\/wp-content\/uploads\/2025\/10\/\u2728-HITO-DE-LA-SOLIDARIDAD-\u2013-PRIMERO-MEDIO-\u2728Despues-de-semanas-de-trabajo-organizacion-y-acciones-10-300x240.jpg 300w, https:\/\/csjc.cl\/wp-content\/uploads\/2025\/10\/\u2728-HITO-DE-LA-SOLIDARIDAD-\u2013-PRIMERO-MEDIO-\u2728Despues-de-semanas-de-trabajo-organizacion-y-acciones-10-768x614.jpg 768w, https:\/\/csjc.cl\/wp-content\/uploads\/2025\/10\/\u2728-HITO-DE-LA-SOLIDARIDAD-\u2013-PRIMERO-MEDIO-\u2728Despues-de-semanas-de-trabajo-organizacion-y-acciones-10-980x784.jpg 980w, https:\/\/csjc.cl\/wp-content\/uploads\/2025\/10\/\u2728-HITO-DE-LA-SOLIDARIDAD-\u2013-PRIMERO-MEDIO-\u2728Despues-de-semanas-de-trabajo-organizacion-y-acciones-10-480x384.jpg 480w, https:\/\/csjc.cl\/wp-content\/uploads\/2025\/10\/\u2728-HITO-DE-LA-SOLIDARIDAD-\u2013-PRIMERO-MEDIO-\u2728Despues-de-semanas-de-trabajo-organizacion-y-acciones-10.jpg 1080w\" sizes=\"(max-width: 1024px) 100vw, 1024px\" \/><\/figure>\n\n\n\n<figure class=\"wp-block-image size-large\"><img loading=\"lazy\" decoding=\"async\" width=\"1024\" height=\"819\" data-id=\"2666\" src=\"https:\/\/csjc.cl\/wp-content\/uploads\/2025\/10\/\u2728-HITO-DE-LA-SOLIDARIDAD-\u2013-PRIMERO-MEDIO-\u2728Despues-de-semanas-de-trabajo-organizacion-y-acciones-9-1024x819.jpg\" alt=\"\" class=\"wp-image-2666\" srcset=\"https:\/\/csjc.cl\/wp-content\/uploads\/2025\/10\/\u2728-HITO-DE-LA-SOLIDARIDAD-\u2013-PRIMERO-MEDIO-\u2728Despues-de-semanas-de-trabajo-organizacion-y-acciones-9-1024x819.jpg 1024w, https:\/\/csjc.cl\/wp-content\/uploads\/2025\/10\/\u2728-HITO-DE-LA-SOLIDARIDAD-\u2013-PRIMERO-MEDIO-\u2728Despues-de-semanas-de-trabajo-organizacion-y-acciones-9-300x240.jpg 300w, https:\/\/csjc.cl\/wp-content\/uploads\/2025\/10\/\u2728-HITO-DE-LA-SOLIDARIDAD-\u2013-PRIMERO-MEDIO-\u2728Despues-de-semanas-de-trabajo-organizacion-y-acciones-9-768x614.jpg 768w, https:\/\/csjc.cl\/wp-content\/uploads\/2025\/10\/\u2728-HITO-DE-LA-SOLIDARIDAD-\u2013-PRIMERO-MEDIO-\u2728Despues-de-semanas-de-trabajo-organizacion-y-acciones-9-980x784.jpg 980w, https:\/\/csjc.cl\/wp-content\/uploads\/2025\/10\/\u2728-HITO-DE-LA-SOLIDARIDAD-\u2013-PRIMERO-MEDIO-\u2728Despues-de-semanas-de-trabajo-organizacion-y-acciones-9-480x384.jpg 480w, https:\/\/csjc.cl\/wp-content\/uploads\/2025\/10\/\u2728-HITO-DE-LA-SOLIDARIDAD-\u2013-PRIMERO-MEDIO-\u2728Despues-de-semanas-de-trabajo-organizacion-y-acciones-9.jpg 1080w\" sizes=\"(max-width: 1024px) 100vw, 1024px\" \/><\/figure>\n\n\n\n<figure class=\"wp-block-image size-large\"><img loading=\"lazy\" decoding=\"async\" width=\"1024\" height=\"819\" data-id=\"2663\" src=\"https:\/\/csjc.cl\/wp-content\/uploads\/2025\/10\/\u2728-HITO-DE-LA-SOLIDARIDAD-\u2013-PRIMERO-MEDIO-\u2728Despues-de-semanas-de-trabajo-organizacion-y-acciones-8-1024x819.jpg\" alt=\"\" class=\"wp-image-2663\" srcset=\"https:\/\/csjc.cl\/wp-content\/uploads\/2025\/10\/\u2728-HITO-DE-LA-SOLIDARIDAD-\u2013-PRIMERO-MEDIO-\u2728Despues-de-semanas-de-trabajo-organizacion-y-acciones-8-1024x819.jpg 1024w, https:\/\/csjc.cl\/wp-content\/uploads\/2025\/10\/\u2728-HITO-DE-LA-SOLIDARIDAD-\u2013-PRIMERO-MEDIO-\u2728Despues-de-semanas-de-trabajo-organizacion-y-acciones-8-300x240.jpg 300w, https:\/\/csjc.cl\/wp-content\/uploads\/2025\/10\/\u2728-HITO-DE-LA-SOLIDARIDAD-\u2013-PRIMERO-MEDIO-\u2728Despues-de-semanas-de-trabajo-organizacion-y-acciones-8-768x614.jpg 768w, https:\/\/csjc.cl\/wp-content\/uploads\/2025\/10\/\u2728-HITO-DE-LA-SOLIDARIDAD-\u2013-PRIMERO-MEDIO-\u2728Despues-de-semanas-de-trabajo-organizacion-y-acciones-8-980x784.jpg 980w, https:\/\/csjc.cl\/wp-content\/uploads\/2025\/10\/\u2728-HITO-DE-LA-SOLIDARIDAD-\u2013-PRIMERO-MEDIO-\u2728Despues-de-semanas-de-trabajo-organizacion-y-acciones-8-480x384.jpg 480w, https:\/\/csjc.cl\/wp-content\/uploads\/2025\/10\/\u2728-HITO-DE-LA-SOLIDARIDAD-\u2013-PRIMERO-MEDIO-\u2728Despues-de-semanas-de-trabajo-organizacion-y-acciones-8.jpg 1080w\" sizes=\"(max-width: 1024px) 100vw, 1024px\" \/><\/figure>\n\n\n\n<figure class=\"wp-block-image size-large\"><img loading=\"lazy\" decoding=\"async\" width=\"1024\" height=\"819\" data-id=\"2667\" src=\"https:\/\/csjc.cl\/wp-content\/uploads\/2025\/10\/\u2728-HITO-DE-LA-SOLIDARIDAD-\u2013-PRIMERO-MEDIO-\u2728Despues-de-semanas-de-trabajo-organizacion-y-acciones-7-1024x819.jpg\" alt=\"\" class=\"wp-image-2667\" srcset=\"https:\/\/csjc.cl\/wp-content\/uploads\/2025\/10\/\u2728-HITO-DE-LA-SOLIDARIDAD-\u2013-PRIMERO-MEDIO-\u2728Despues-de-semanas-de-trabajo-organizacion-y-acciones-7-1024x819.jpg 1024w, https:\/\/csjc.cl\/wp-content\/uploads\/2025\/10\/\u2728-HITO-DE-LA-SOLIDARIDAD-\u2013-PRIMERO-MEDIO-\u2728Despues-de-semanas-de-trabajo-organizacion-y-acciones-7-300x240.jpg 300w, https:\/\/csjc.cl\/wp-content\/uploads\/2025\/10\/\u2728-HITO-DE-LA-SOLIDARIDAD-\u2013-PRIMERO-MEDIO-\u2728Despues-de-semanas-de-trabajo-organizacion-y-acciones-7-768x614.jpg 768w, https:\/\/csjc.cl\/wp-content\/uploads\/2025\/10\/\u2728-HITO-DE-LA-SOLIDARIDAD-\u2013-PRIMERO-MEDIO-\u2728Despues-de-semanas-de-trabajo-organizacion-y-acciones-7-980x784.jpg 980w, https:\/\/csjc.cl\/wp-content\/uploads\/2025\/10\/\u2728-HITO-DE-LA-SOLIDARIDAD-\u2013-PRIMERO-MEDIO-\u2728Despues-de-semanas-de-trabajo-organizacion-y-acciones-7-480x384.jpg 480w, https:\/\/csjc.cl\/wp-content\/uploads\/2025\/10\/\u2728-HITO-DE-LA-SOLIDARIDAD-\u2013-PRIMERO-MEDIO-\u2728Despues-de-semanas-de-trabajo-organizacion-y-acciones-7.jpg 1080w\" sizes=\"(max-width: 1024px) 100vw, 1024px\" \/><\/figure>\n\n\n\n<figure class=\"wp-block-image size-large\"><img loading=\"lazy\" decoding=\"async\" width=\"1024\" height=\"819\" data-id=\"2668\" src=\"https:\/\/csjc.cl\/wp-content\/uploads\/2025\/10\/\u2728-HITO-DE-LA-SOLIDARIDAD-\u2013-PRIMERO-MEDIO-\u2728Despues-de-semanas-de-trabajo-organizacion-y-acciones-6-1024x819.jpg\" alt=\"\" class=\"wp-image-2668\" srcset=\"https:\/\/csjc.cl\/wp-content\/uploads\/2025\/10\/\u2728-HITO-DE-LA-SOLIDARIDAD-\u2013-PRIMERO-MEDIO-\u2728Despues-de-semanas-de-trabajo-organizacion-y-acciones-6-1024x819.jpg 1024w, https:\/\/csjc.cl\/wp-content\/uploads\/2025\/10\/\u2728-HITO-DE-LA-SOLIDARIDAD-\u2013-PRIMERO-MEDIO-\u2728Despues-de-semanas-de-trabajo-organizacion-y-acciones-6-300x240.jpg 300w, https:\/\/csjc.cl\/wp-content\/uploads\/2025\/10\/\u2728-HITO-DE-LA-SOLIDARIDAD-\u2013-PRIMERO-MEDIO-\u2728Despues-de-semanas-de-trabajo-organizacion-y-acciones-6-768x614.jpg 768w, https:\/\/csjc.cl\/wp-content\/uploads\/2025\/10\/\u2728-HITO-DE-LA-SOLIDARIDAD-\u2013-PRIMERO-MEDIO-\u2728Despues-de-semanas-de-trabajo-organizacion-y-acciones-6-980x784.jpg 980w, https:\/\/csjc.cl\/wp-content\/uploads\/2025\/10\/\u2728-HITO-DE-LA-SOLIDARIDAD-\u2013-PRIMERO-MEDIO-\u2728Despues-de-semanas-de-trabajo-organizacion-y-acciones-6-480x384.jpg 480w, https:\/\/csjc.cl\/wp-content\/uploads\/2025\/10\/\u2728-HITO-DE-LA-SOLIDARIDAD-\u2013-PRIMERO-MEDIO-\u2728Despues-de-semanas-de-trabajo-organizacion-y-acciones-6.jpg 1080w\" sizes=\"(max-width: 1024px) 100vw, 1024px\" \/><\/figure>\n\n\n\n<figure class=\"wp-block-image size-large\"><img loading=\"lazy\" decoding=\"async\" width=\"1024\" height=\"819\" data-id=\"2670\" src=\"https:\/\/csjc.cl\/wp-content\/uploads\/2025\/10\/\u2728-HITO-DE-LA-SOLIDARIDAD-\u2013-PRIMERO-MEDIO-\u2728Despues-de-semanas-de-trabajo-organizacion-y-acciones-5-1024x819.jpg\" alt=\"\" class=\"wp-image-2670\" srcset=\"https:\/\/csjc.cl\/wp-content\/uploads\/2025\/10\/\u2728-HITO-DE-LA-SOLIDARIDAD-\u2013-PRIMERO-MEDIO-\u2728Despues-de-semanas-de-trabajo-organizacion-y-acciones-5-1024x819.jpg 1024w, https:\/\/csjc.cl\/wp-content\/uploads\/2025\/10\/\u2728-HITO-DE-LA-SOLIDARIDAD-\u2013-PRIMERO-MEDIO-\u2728Despues-de-semanas-de-trabajo-organizacion-y-acciones-5-300x240.jpg 300w, https:\/\/csjc.cl\/wp-content\/uploads\/2025\/10\/\u2728-HITO-DE-LA-SOLIDARIDAD-\u2013-PRIMERO-MEDIO-\u2728Despues-de-semanas-de-trabajo-organizacion-y-acciones-5-768x614.jpg 768w, https:\/\/csjc.cl\/wp-content\/uploads\/2025\/10\/\u2728-HITO-DE-LA-SOLIDARIDAD-\u2013-PRIMERO-MEDIO-\u2728Despues-de-semanas-de-trabajo-organizacion-y-acciones-5-980x784.jpg 980w, https:\/\/csjc.cl\/wp-content\/uploads\/2025\/10\/\u2728-HITO-DE-LA-SOLIDARIDAD-\u2013-PRIMERO-MEDIO-\u2728Despues-de-semanas-de-trabajo-organizacion-y-acciones-5-480x384.jpg 480w, https:\/\/csjc.cl\/wp-content\/uploads\/2025\/10\/\u2728-HITO-DE-LA-SOLIDARIDAD-\u2013-PRIMERO-MEDIO-\u2728Despues-de-semanas-de-trabajo-organizacion-y-acciones-5.jpg 1080w\" sizes=\"(max-width: 1024px) 100vw, 1024px\" \/><\/figure>\n\n\n\n<figure class=\"wp-block-image size-large\"><img loading=\"lazy\" decoding=\"async\" width=\"1024\" height=\"819\" data-id=\"2671\" src=\"https:\/\/csjc.cl\/wp-content\/uploads\/2025\/10\/\u2728-HITO-DE-LA-SOLIDARIDAD-\u2013-PRIMERO-MEDIO-\u2728Despues-de-semanas-de-trabajo-organizacion-y-acciones-4-1024x819.jpg\" alt=\"\" class=\"wp-image-2671\" srcset=\"https:\/\/csjc.cl\/wp-content\/uploads\/2025\/10\/\u2728-HITO-DE-LA-SOLIDARIDAD-\u2013-PRIMERO-MEDIO-\u2728Despues-de-semanas-de-trabajo-organizacion-y-acciones-4-1024x819.jpg 1024w, https:\/\/csjc.cl\/wp-content\/uploads\/2025\/10\/\u2728-HITO-DE-LA-SOLIDARIDAD-\u2013-PRIMERO-MEDIO-\u2728Despues-de-semanas-de-trabajo-organizacion-y-acciones-4-300x240.jpg 300w, https:\/\/csjc.cl\/wp-content\/uploads\/2025\/10\/\u2728-HITO-DE-LA-SOLIDARIDAD-\u2013-PRIMERO-MEDIO-\u2728Despues-de-semanas-de-trabajo-organizacion-y-acciones-4-768x614.jpg 768w, https:\/\/csjc.cl\/wp-content\/uploads\/2025\/10\/\u2728-HITO-DE-LA-SOLIDARIDAD-\u2013-PRIMERO-MEDIO-\u2728Despues-de-semanas-de-trabajo-organizacion-y-acciones-4-980x784.jpg 980w, https:\/\/csjc.cl\/wp-content\/uploads\/2025\/10\/\u2728-HITO-DE-LA-SOLIDARIDAD-\u2013-PRIMERO-MEDIO-\u2728Despues-de-semanas-de-trabajo-organizacion-y-acciones-4-480x384.jpg 480w, https:\/\/csjc.cl\/wp-content\/uploads\/2025\/10\/\u2728-HITO-DE-LA-SOLIDARIDAD-\u2013-PRIMERO-MEDIO-\u2728Despues-de-semanas-de-trabajo-organizacion-y-acciones-4.jpg 1080w\" sizes=\"(max-width: 1024px) 100vw, 1024px\" \/><\/figure>\n\n\n\n<figure class=\"wp-block-image size-large\"><img loading=\"lazy\" decoding=\"async\" width=\"1024\" height=\"819\" data-id=\"2669\" src=\"https:\/\/csjc.cl\/wp-content\/uploads\/2025\/10\/\u2728-HITO-DE-LA-SOLIDARIDAD-\u2013-PRIMERO-MEDIO-\u2728Despues-de-semanas-de-trabajo-organizacion-y-acciones-3-1024x819.jpg\" alt=\"\" class=\"wp-image-2669\" srcset=\"https:\/\/csjc.cl\/wp-content\/uploads\/2025\/10\/\u2728-HITO-DE-LA-SOLIDARIDAD-\u2013-PRIMERO-MEDIO-\u2728Despues-de-semanas-de-trabajo-organizacion-y-acciones-3-1024x819.jpg 1024w, https:\/\/csjc.cl\/wp-content\/uploads\/2025\/10\/\u2728-HITO-DE-LA-SOLIDARIDAD-\u2013-PRIMERO-MEDIO-\u2728Despues-de-semanas-de-trabajo-organizacion-y-acciones-3-300x240.jpg 300w, https:\/\/csjc.cl\/wp-content\/uploads\/2025\/10\/\u2728-HITO-DE-LA-SOLIDARIDAD-\u2013-PRIMERO-MEDIO-\u2728Despues-de-semanas-de-trabajo-organizacion-y-acciones-3-768x614.jpg 768w, https:\/\/csjc.cl\/wp-content\/uploads\/2025\/10\/\u2728-HITO-DE-LA-SOLIDARIDAD-\u2013-PRIMERO-MEDIO-\u2728Despues-de-semanas-de-trabajo-organizacion-y-acciones-3-980x784.jpg 980w, https:\/\/csjc.cl\/wp-content\/uploads\/2025\/10\/\u2728-HITO-DE-LA-SOLIDARIDAD-\u2013-PRIMERO-MEDIO-\u2728Despues-de-semanas-de-trabajo-organizacion-y-acciones-3-480x384.jpg 480w, https:\/\/csjc.cl\/wp-content\/uploads\/2025\/10\/\u2728-HITO-DE-LA-SOLIDARIDAD-\u2013-PRIMERO-MEDIO-\u2728Despues-de-semanas-de-trabajo-organizacion-y-acciones-3.jpg 1080w\" sizes=\"(max-width: 1024px) 100vw, 1024px\" \/><\/figure>\n\n\n\n<figure class=\"wp-block-image size-large\"><img loading=\"lazy\" decoding=\"async\" width=\"1024\" height=\"819\" data-id=\"2672\" src=\"https:\/\/csjc.cl\/wp-content\/uploads\/2025\/10\/\u2728-HITO-DE-LA-SOLIDARIDAD-\u2013-PRIMERO-MEDIO-\u2728Despues-de-semanas-de-trabajo-organizacion-y-acciones-2-1024x819.jpg\" alt=\"\" class=\"wp-image-2672\" srcset=\"https:\/\/csjc.cl\/wp-content\/uploads\/2025\/10\/\u2728-HITO-DE-LA-SOLIDARIDAD-\u2013-PRIMERO-MEDIO-\u2728Despues-de-semanas-de-trabajo-organizacion-y-acciones-2-1024x819.jpg 1024w, https:\/\/csjc.cl\/wp-content\/uploads\/2025\/10\/\u2728-HITO-DE-LA-SOLIDARIDAD-\u2013-PRIMERO-MEDIO-\u2728Despues-de-semanas-de-trabajo-organizacion-y-acciones-2-300x240.jpg 300w, https:\/\/csjc.cl\/wp-content\/uploads\/2025\/10\/\u2728-HITO-DE-LA-SOLIDARIDAD-\u2013-PRIMERO-MEDIO-\u2728Despues-de-semanas-de-trabajo-organizacion-y-acciones-2-768x614.jpg 768w, https:\/\/csjc.cl\/wp-content\/uploads\/2025\/10\/\u2728-HITO-DE-LA-SOLIDARIDAD-\u2013-PRIMERO-MEDIO-\u2728Despues-de-semanas-de-trabajo-organizacion-y-acciones-2-980x784.jpg 980w, https:\/\/csjc.cl\/wp-content\/uploads\/2025\/10\/\u2728-HITO-DE-LA-SOLIDARIDAD-\u2013-PRIMERO-MEDIO-\u2728Despues-de-semanas-de-trabajo-organizacion-y-acciones-2-480x384.jpg 480w, https:\/\/csjc.cl\/wp-content\/uploads\/2025\/10\/\u2728-HITO-DE-LA-SOLIDARIDAD-\u2013-PRIMERO-MEDIO-\u2728Despues-de-semanas-de-trabajo-organizacion-y-acciones-2.jpg 1080w\" sizes=\"(max-width: 1024px) 100vw, 1024px\" \/><\/figure>\n\n\n\n<figure class=\"wp-block-image size-large\"><img loading=\"lazy\" decoding=\"async\" width=\"1024\" height=\"819\" data-id=\"2673\" src=\"https:\/\/csjc.cl\/wp-content\/uploads\/2025\/10\/\u2728-HITO-DE-LA-SOLIDARIDAD-\u2013-PRIMERO-MEDIO-\u2728Despues-de-semanas-de-trabajo-organizacion-y-acciones-1-1024x819.jpg\" alt=\"\" class=\"wp-image-2673\" srcset=\"https:\/\/csjc.cl\/wp-content\/uploads\/2025\/10\/\u2728-HITO-DE-LA-SOLIDARIDAD-\u2013-PRIMERO-MEDIO-\u2728Despues-de-semanas-de-trabajo-organizacion-y-acciones-1-1024x819.jpg 1024w, https:\/\/csjc.cl\/wp-content\/uploads\/2025\/10\/\u2728-HITO-DE-LA-SOLIDARIDAD-\u2013-PRIMERO-MEDIO-\u2728Despues-de-semanas-de-trabajo-organizacion-y-acciones-1-300x240.jpg 300w, https:\/\/csjc.cl\/wp-content\/uploads\/2025\/10\/\u2728-HITO-DE-LA-SOLIDARIDAD-\u2013-PRIMERO-MEDIO-\u2728Despues-de-semanas-de-trabajo-organizacion-y-acciones-1-768x614.jpg 768w, https:\/\/csjc.cl\/wp-content\/uploads\/2025\/10\/\u2728-HITO-DE-LA-SOLIDARIDAD-\u2013-PRIMERO-MEDIO-\u2728Despues-de-semanas-de-trabajo-organizacion-y-acciones-1-980x784.jpg 980w, https:\/\/csjc.cl\/wp-content\/uploads\/2025\/10\/\u2728-HITO-DE-LA-SOLIDARIDAD-\u2013-PRIMERO-MEDIO-\u2728Despues-de-semanas-de-trabajo-organizacion-y-acciones-1-480x384.jpg 480w, https:\/\/csjc.cl\/wp-content\/uploads\/2025\/10\/\u2728-HITO-DE-LA-SOLIDARIDAD-\u2013-PRIMERO-MEDIO-\u2728Despues-de-semanas-de-trabajo-organizacion-y-acciones-1.jpg 1080w\" sizes=\"(max-width: 1024px) 100vw, 1024px\" \/><\/figure>\n<\/figure>\n\n\n\n<div style=\"height:100px\" aria-hidden=\"true\" class=\"wp-block-spacer\"><\/div>\n","protected":false},"excerpt":{"rendered":"<p>Despu\u00e9s de semanas de trabajo, organizaci\u00f3n y acciones solidarias, nuestros estudiantes de 1\u00ba medio junto a sus profesores jefes Nicol Cruces, Leonardo Acu\u00f1a y Carlos Soto, vivieron la celebraci\u00f3n del Hito de la Solidaridad, signo que marca el inicio de la etapa de la misi\u00f3n en nuestro Proyecto Educativo Pastoral. La Eucarist\u00eda se celebr\u00f3 en [&hellip;]<\/p>\n","protected":false},"author":7,"featured_media":2674,"comment_status":"closed","ping_status":"closed","sticky":false,"template":"","format":"standard","meta":{"_et_pb_use_builder":"off","_et_pb_old_content":"","_et_gb_content_width":"","footnotes":""},"categories":[4],"tags":[],"class_list":["post-2660","post","type-post","status-publish","format-standard","has-post-thumbnail","hentry","category-noticias"],"_links":{"self":[{"href":"https:\/\/csjc.cl\/index.php\/wp-json\/wp\/v2\/posts\/2660"}],"collection":[{"href":"https:\/\/csjc.cl\/index.php\/wp-json\/wp\/v2\/posts"}],"about":[{"href":"https:\/\/csjc.cl\/index.php\/wp-json\/wp\/v2\/types\/post"}],"author":[{"embeddable":true,"href":"https:\/\/csjc.cl\/index.php\/wp-json\/wp\/v2\/users\/7"}],"replies":[{"embeddable":true,"href":"https:\/\/csjc.cl\/index.php\/wp-json\/wp\/v2\/comments?post=2660"}],"version-history":[{"count":1,"href":"https:\/\/csjc.cl\/index.php\/wp-json\/wp\/v2\/posts\/2660\/revisions"}],"predecessor-version":[{"id":2675,"href":"https:\/\/csjc.cl\/index.php\/wp-json\/wp\/v2\/posts\/2660\/revisions\/2675"}],"wp:featuredmedia":[{"embeddable":true,"href":"https:\/\/csjc.cl\/index.php\/wp-json\/wp\/v2\/media\/2674"}],"wp:attachment":[{"href":"https:\/\/csjc.cl\/index.php\/wp-json\/wp\/v2\/media?parent=2660"}],"wp:term":[{"taxonomy":"category","embeddable":true,"href":"https:\/\/csjc.cl\/index.php\/wp-json\/wp\/v2\/categories?post=2660"},{"taxonomy":"post_tag","embeddable":true,"href":"https:\/\/csjc.cl\/index.php\/wp-json\/wp\/v2\/tags?post=2660"}],"curies":[{"name":"wp","href":"https:\/\/api.w.org\/{rel}","templated":true}]}}