{"id":1943,"date":"2024-09-30T15:17:29","date_gmt":"2024-09-30T15:17:29","guid":{"rendered":"https:\/\/csjc.cl\/?p=1943"},"modified":"2025-10-07T17:44:46","modified_gmt":"2025-10-07T17:44:46","slug":"comunidad-educativa-participo-del-dia-de-la-oracion-por-chile-en-concepcion","status":"publish","type":"post","link":"https:\/\/csjc.cl\/index.php\/2024\/09\/30\/comunidad-educativa-participo-del-dia-de-la-oracion-por-chile-en-concepcion\/","title":{"rendered":"Comunidad educativa particip\u00f3 del d\u00eda de la Oraci\u00f3n por Chile en Concepci\u00f3n"},"content":{"rendered":"\n<p>En una hermosa tradici\u00f3n que ya suma 53 a\u00f1os, el pueblo fiel de Dios se reuni\u00f3 nuevamente en Concepci\u00f3n para celebrar el D\u00eda de Oraci\u00f3n por Chile, con la tradicional procesi\u00f3n de la Virgen del Carmen, Patrona y Reina de nuestra patria.<\/p>\n\n\n\n<p>Esta procesi\u00f3n, que recorre las calles de la ciudad, nos invita a orar por Chile, sus habitantes y sus autoridades civiles. Este gesto de fe y reflexi\u00f3n fue introducido por el episcopado chileno en 1971, con el fin de darle un sentido espiritual a nuestras celebraciones patrias.<\/p>\n\n\n\n<p>Nuestro Colegio San Jos\u00e9 tuvo el honor de participar activamente a trav\u00e9s de la Banda Cruzada Eucar\u00edstica, que con entusiasmo acompa\u00f1\u00f3 a la Virgen del Carmen durante este recorrido lleno de oraciones, devoci\u00f3n y amor por nuestra patria.<\/p>\n\n\n\n<p>Nuestros estudiantes, junto a sus apoderados y la compa\u00f1\u00eda de nuestro rector Luis Ogas, el director de convivencia escolar \u00c1ngel Navarrete, el director de Pastoral Harold Medina, y nuestras orientadoras Amelia R\u00edos y Natacha Carrasco, demostraron su compromiso con Dios, con el colegio y con Chile.<\/p>\n\n\n\n<p>Un agradecimiento especial al profesor H\u00e9ctor Aguilera, por su dedicaci\u00f3n y esfuerzo en formar a nuestros estudiantes en la disciplina y el arte de la m\u00fasica, siempre fomentando su crecimiento personal y espiritual.<\/p>\n\n\n\n<p>Pedimos a la Virgen del Carmen, Madre y Reina de Chile, que contin\u00fae bendiciendo a nuestra patria y a nuestro querido colegio.<\/p>\n\n\n\n<figure class=\"wp-block-gallery has-nested-images columns-default is-cropped wp-block-gallery-1 is-layout-flex wp-block-gallery-is-layout-flex\">\n<figure class=\"wp-block-image size-large\"><img loading=\"lazy\" decoding=\"async\" width=\"540\" height=\"540\" data-id=\"1965\" src=\"https:\/\/csjc.cl\/wp-content\/uploads\/2024\/09\/10-1.png\" alt=\"\" class=\"wp-image-1965\" srcset=\"https:\/\/csjc.cl\/wp-content\/uploads\/2024\/09\/10-1.png 540w, https:\/\/csjc.cl\/wp-content\/uploads\/2024\/09\/10-1-480x480.png 480w\" sizes=\"(min-width: 0px) and (max-width: 480px) 480px, (min-width: 481px) 540px, 100vw\" \/><\/figure>\n\n\n\n<figure class=\"wp-block-image size-large\"><img loading=\"lazy\" decoding=\"async\" width=\"540\" height=\"540\" data-id=\"1964\" src=\"https:\/\/csjc.cl\/wp-content\/uploads\/2024\/09\/11.png\" alt=\"\" class=\"wp-image-1964\" srcset=\"https:\/\/csjc.cl\/wp-content\/uploads\/2024\/09\/11.png 540w, https:\/\/csjc.cl\/wp-content\/uploads\/2024\/09\/11-480x480.png 480w\" sizes=\"(min-width: 0px) and (max-width: 480px) 480px, (min-width: 481px) 540px, 100vw\" \/><\/figure>\n\n\n\n<figure class=\"wp-block-image size-large\"><img loading=\"lazy\" decoding=\"async\" width=\"540\" height=\"540\" data-id=\"1968\" src=\"https:\/\/csjc.cl\/wp-content\/uploads\/2024\/09\/14-1.png\" alt=\"\" class=\"wp-image-1968\" srcset=\"https:\/\/csjc.cl\/wp-content\/uploads\/2024\/09\/14-1.png 540w, https:\/\/csjc.cl\/wp-content\/uploads\/2024\/09\/14-1-480x480.png 480w\" sizes=\"(min-width: 0px) and (max-width: 480px) 480px, (min-width: 481px) 540px, 100vw\" \/><\/figure>\n\n\n\n<figure class=\"wp-block-image size-large\"><img loading=\"lazy\" decoding=\"async\" width=\"540\" height=\"540\" data-id=\"1966\" src=\"https:\/\/csjc.cl\/wp-content\/uploads\/2024\/09\/17-1.png\" alt=\"\" class=\"wp-image-1966\" srcset=\"https:\/\/csjc.cl\/wp-content\/uploads\/2024\/09\/17-1.png 540w, https:\/\/csjc.cl\/wp-content\/uploads\/2024\/09\/17-1-480x480.png 480w\" sizes=\"(min-width: 0px) and (max-width: 480px) 480px, (min-width: 481px) 540px, 100vw\" \/><\/figure>\n\n\n\n<figure class=\"wp-block-image size-large\"><img loading=\"lazy\" decoding=\"async\" width=\"540\" height=\"540\" data-id=\"1967\" src=\"https:\/\/csjc.cl\/wp-content\/uploads\/2024\/09\/18-1.png\" alt=\"\" class=\"wp-image-1967\" srcset=\"https:\/\/csjc.cl\/wp-content\/uploads\/2024\/09\/18-1.png 540w, https:\/\/csjc.cl\/wp-content\/uploads\/2024\/09\/18-1-480x480.png 480w\" sizes=\"(min-width: 0px) and (max-width: 480px) 480px, (min-width: 481px) 540px, 100vw\" \/><\/figure>\n\n\n\n<figure class=\"wp-block-image size-large\"><img loading=\"lazy\" decoding=\"async\" width=\"540\" height=\"540\" data-id=\"1969\" src=\"https:\/\/csjc.cl\/wp-content\/uploads\/2024\/09\/8-1.png\" alt=\"\" class=\"wp-image-1969\" srcset=\"https:\/\/csjc.cl\/wp-content\/uploads\/2024\/09\/8-1.png 540w, https:\/\/csjc.cl\/wp-content\/uploads\/2024\/09\/8-1-480x480.png 480w\" sizes=\"(min-width: 0px) and (max-width: 480px) 480px, (min-width: 481px) 540px, 100vw\" \/><\/figure>\n\n\n\n<figure class=\"wp-block-image size-large\"><img loading=\"lazy\" decoding=\"async\" width=\"540\" height=\"540\" data-id=\"1971\" src=\"https:\/\/csjc.cl\/wp-content\/uploads\/2024\/09\/7-1.png\" alt=\"\" class=\"wp-image-1971\" srcset=\"https:\/\/csjc.cl\/wp-content\/uploads\/2024\/09\/7-1.png 540w, https:\/\/csjc.cl\/wp-content\/uploads\/2024\/09\/7-1-480x480.png 480w\" sizes=\"(min-width: 0px) and (max-width: 480px) 480px, (min-width: 481px) 540px, 100vw\" \/><\/figure>\n\n\n\n<figure class=\"wp-block-image size-large\"><img loading=\"lazy\" decoding=\"async\" width=\"540\" height=\"540\" data-id=\"1970\" src=\"https:\/\/csjc.cl\/wp-content\/uploads\/2024\/09\/5-1.png\" alt=\"\" class=\"wp-image-1970\" srcset=\"https:\/\/csjc.cl\/wp-content\/uploads\/2024\/09\/5-1.png 540w, https:\/\/csjc.cl\/wp-content\/uploads\/2024\/09\/5-1-480x480.png 480w\" sizes=\"(min-width: 0px) and (max-width: 480px) 480px, (min-width: 481px) 540px, 100vw\" \/><\/figure>\n\n\n\n<figure class=\"wp-block-image size-large\"><img loading=\"lazy\" decoding=\"async\" width=\"540\" height=\"540\" data-id=\"1972\" src=\"https:\/\/csjc.cl\/wp-content\/uploads\/2024\/09\/1-1.png\" alt=\"\" class=\"wp-image-1972\" srcset=\"https:\/\/csjc.cl\/wp-content\/uploads\/2024\/09\/1-1.png 540w, https:\/\/csjc.cl\/wp-content\/uploads\/2024\/09\/1-1-480x480.png 480w\" sizes=\"(min-width: 0px) and (max-width: 480px) 480px, (min-width: 481px) 540px, 100vw\" \/><\/figure>\n<\/figure>\n","protected":false},"excerpt":{"rendered":"<p>En una hermosa tradici\u00f3n que ya suma 53 a\u00f1os, el pueblo fiel de Dios se reuni\u00f3 nuevamente en Concepci\u00f3n para celebrar el D\u00eda de Oraci\u00f3n por Chile, con la tradicional procesi\u00f3n de la Virgen del Carmen, Patrona y Reina de nuestra patria. Esta procesi\u00f3n, que recorre las calles de la ciudad, nos invita a orar [&hellip;]<\/p>\n","protected":false},"author":7,"featured_media":1969,"comment_status":"closed","ping_status":"closed","sticky":false,"template":"","format":"standard","meta":{"_et_pb_use_builder":"off","_et_pb_old_content":"","_et_gb_content_width":"","footnotes":""},"categories":[4],"tags":[],"class_list":["post-1943","post","type-post","status-publish","format-standard","has-post-thumbnail","hentry","category-noticias"],"_links":{"self":[{"href":"https:\/\/csjc.cl\/index.php\/wp-json\/wp\/v2\/posts\/1943"}],"collection":[{"href":"https:\/\/csjc.cl\/index.php\/wp-json\/wp\/v2\/posts"}],"about":[{"href":"https:\/\/csjc.cl\/index.php\/wp-json\/wp\/v2\/types\/post"}],"author":[{"embeddable":true,"href":"https:\/\/csjc.cl\/index.php\/wp-json\/wp\/v2\/users\/7"}],"replies":[{"embeddable":true,"href":"https:\/\/csjc.cl\/index.php\/wp-json\/wp\/v2\/comments?post=1943"}],"version-history":[{"count":3,"href":"https:\/\/csjc.cl\/index.php\/wp-json\/wp\/v2\/posts\/1943\/revisions"}],"predecessor-version":[{"id":1974,"href":"https:\/\/csjc.cl\/index.php\/wp-json\/wp\/v2\/posts\/1943\/revisions\/1974"}],"wp:featuredmedia":[{"embeddable":true,"href":"https:\/\/csjc.cl\/index.php\/wp-json\/wp\/v2\/media\/1969"}],"wp:attachment":[{"href":"https:\/\/csjc.cl\/index.php\/wp-json\/wp\/v2\/media?parent=1943"}],"wp:term":[{"taxonomy":"category","embeddable":true,"href":"https:\/\/csjc.cl\/index.php\/wp-json\/wp\/v2\/categories?post=1943"},{"taxonomy":"post_tag","embeddable":true,"href":"https:\/\/csjc.cl\/index.php\/wp-json\/wp\/v2\/tags?post=1943"}],"curies":[{"name":"wp","href":"https:\/\/api.w.org\/{rel}","templated":true}]}}