{"id":1912,"date":"2024-07-17T14:09:00","date_gmt":"2024-07-17T14:09:00","guid":{"rendered":"https:\/\/csjc.cl\/?p=1912"},"modified":"2024-07-17T14:09:30","modified_gmt":"2024-07-17T14:09:30","slug":"conoce-a-nuestro-rector-del-colegio-san-jose-de-cabrero","status":"publish","type":"post","link":"https:\/\/csjc.cl\/index.php\/2024\/07\/17\/conoce-a-nuestro-rector-del-colegio-san-jose-de-cabrero\/","title":{"rendered":"Conoce a nuestro Rector del Colegio San Jos\u00e9 de Cabrero"},"content":{"rendered":"\n<p>Cordialmente damos la bienvenida al Sr. Luis Alejandro Ogas Vergara, quien asume como Rector del Colegio San Jos\u00e9 de Cabrero a partir del 11 de julio de 2024. Anteriormente, el Sr. Luis Ogas se desempe\u00f1aba como Director de Ciclo B\u00e1sico en el Instituto San Sebasti\u00e1n de Yumbel, destac\u00e1ndose por su compromiso, rigor y apertura a la retroalimentaci\u00f3n para fortalecer un equipo centrado en el aprendizaje.<\/p>\n\n\n\n<p>Posee un Mag\u00edster en Innovaci\u00f3n Curricular y Evaluaci\u00f3n Educativa de la Universidad de Desarrollo, un Diplomado en Convivencia Escolar de la Universidad Andr\u00e9s Bello, y es Titulado en Pedagog\u00eda en Ciencias Naturales y Qu\u00edmica de la Universidad de Concepci\u00f3n.<\/p>\n\n\n\n<hr class=\"wp-block-separator has-alpha-channel-opacity\"\/>\n\n\n\n<figure class=\"wp-block-image size-full\"><img loading=\"lazy\" decoding=\"async\" width=\"980\" height=\"735\" src=\"https:\/\/csjc.cl\/wp-content\/uploads\/2024\/07\/Wordpress-2-1.png\" alt=\"\" class=\"wp-image-1915\" srcset=\"https:\/\/csjc.cl\/wp-content\/uploads\/2024\/07\/Wordpress-2-1.png 980w, https:\/\/csjc.cl\/wp-content\/uploads\/2024\/07\/Wordpress-2-1-480x360.png 480w\" sizes=\"(min-width: 0px) and (max-width: 480px) 480px, (min-width: 481px) 980px, 100vw\" \/><\/figure>\n\n\n\n<div style=\"height:100px\" aria-hidden=\"true\" class=\"wp-block-spacer\"><\/div>\n","protected":false},"excerpt":{"rendered":"<p>Cordialmente damos la bienvenida al Sr. Luis Alejandro Ogas Vergara, quien asume como Rector del Colegio San Jos\u00e9 de Cabrero a partir del 11 de julio de 2024. Anteriormente, el Sr. Luis Ogas se desempe\u00f1aba como Director de Ciclo B\u00e1sico en el Instituto San Sebasti\u00e1n de Yumbel, destac\u00e1ndose por su compromiso, rigor y apertura a [&hellip;]<\/p>\n","protected":false},"author":1,"featured_media":1913,"comment_status":"closed","ping_status":"closed","sticky":false,"template":"","format":"standard","meta":{"_et_pb_use_builder":"off","_et_pb_old_content":"","_et_gb_content_width":"","footnotes":""},"categories":[4],"tags":[],"class_list":["post-1912","post","type-post","status-publish","format-standard","has-post-thumbnail","hentry","category-noticias"],"_links":{"self":[{"href":"https:\/\/csjc.cl\/index.php\/wp-json\/wp\/v2\/posts\/1912"}],"collection":[{"href":"https:\/\/csjc.cl\/index.php\/wp-json\/wp\/v2\/posts"}],"about":[{"href":"https:\/\/csjc.cl\/index.php\/wp-json\/wp\/v2\/types\/post"}],"author":[{"embeddable":true,"href":"https:\/\/csjc.cl\/index.php\/wp-json\/wp\/v2\/users\/1"}],"replies":[{"embeddable":true,"href":"https:\/\/csjc.cl\/index.php\/wp-json\/wp\/v2\/comments?post=1912"}],"version-history":[{"count":2,"href":"https:\/\/csjc.cl\/index.php\/wp-json\/wp\/v2\/posts\/1912\/revisions"}],"predecessor-version":[{"id":1916,"href":"https:\/\/csjc.cl\/index.php\/wp-json\/wp\/v2\/posts\/1912\/revisions\/1916"}],"wp:featuredmedia":[{"embeddable":true,"href":"https:\/\/csjc.cl\/index.php\/wp-json\/wp\/v2\/media\/1913"}],"wp:attachment":[{"href":"https:\/\/csjc.cl\/index.php\/wp-json\/wp\/v2\/media?parent=1912"}],"wp:term":[{"taxonomy":"category","embeddable":true,"href":"https:\/\/csjc.cl\/index.php\/wp-json\/wp\/v2\/categories?post=1912"},{"taxonomy":"post_tag","embeddable":true,"href":"https:\/\/csjc.cl\/index.php\/wp-json\/wp\/v2\/tags?post=1912"}],"curies":[{"name":"wp","href":"https:\/\/api.w.org\/{rel}","templated":true}]}}