{"id":1521,"date":"2023-05-04T16:06:36","date_gmt":"2023-05-04T16:06:36","guid":{"rendered":"https:\/\/csjc.cl\/?p=1521"},"modified":"2023-05-04T16:06:37","modified_gmt":"2023-05-04T16:06:37","slug":"primera-reunion-de-centro-de-padres-y-apoderados","status":"publish","type":"post","link":"https:\/\/csjc.cl\/index.php\/2023\/05\/04\/primera-reunion-de-centro-de-padres-y-apoderados\/","title":{"rendered":"Primera reuni\u00f3n de Centro de Padres y Apoderados"},"content":{"rendered":"\n<p><\/p>\n\n\n\n<p>El mi\u00e9rcoles 3 de abril se realiz\u00f3 la primera reuni\u00f3n de microcentros de padres dirigida por nuestra nueva directiva, electa el 11 de abril en votaci\u00f3n p\u00fablica. Esta reuni\u00f3n cont\u00f3 con la presencia de un representante de cada curso y la compa\u00f1\u00eda de miembros del equipo directivo.<\/p>\n\n\n\n<p>La nueva directiva del centro general de padres y apoderados est\u00e1 compuesta por:<\/p>\n\n\n\n<ul class=\"wp-block-list\">\n<li>Sra. Mar\u00eda Soledad Sanhueza como Presidenta.<\/li>\n\n\n\n<li>Sr. Amador Hern\u00e1ndez como Vicepresidente.<\/li>\n\n\n\n<li>Sr. Horacio Espinoza como Tesorero.<\/li>\n\n\n\n<li>Sr Edgardo Anfossi como Secretario.<\/li>\n\n\n\n<li>Sr. Jorge Hern\u00e1ndez como Delegado Pastoral.<\/li>\n\n\n\n<li>Sra. Nancy Stuardo como Delegada de Convivencia Escolar.<\/li>\n<\/ul>\n\n\n\n<p>Les deseamos el mayor de los \u00e9xitos en su labor colaboradora con la gesti\u00f3n del colegio, que Dios bendiga su servicio.<\/p>\n\n\n\n<p><\/p>\n\n\n\n<figure class=\"wp-block-gallery has-nested-images columns-default is-cropped wp-block-gallery-1 is-layout-flex wp-block-gallery-is-layout-flex\">\n<figure class=\"wp-block-image size-large\"><img loading=\"lazy\" decoding=\"async\" width=\"1024\" height=\"768\" data-id=\"1525\" src=\"https:\/\/csjc.cl\/wp-content\/uploads\/2023\/05\/IMG-20230504-WA0001.jpg\" alt=\"\" class=\"wp-image-1525\" srcset=\"https:\/\/csjc.cl\/wp-content\/uploads\/2023\/05\/IMG-20230504-WA0001.jpg 1024w, https:\/\/csjc.cl\/wp-content\/uploads\/2023\/05\/IMG-20230504-WA0001-980x735.jpg 980w, https:\/\/csjc.cl\/wp-content\/uploads\/2023\/05\/IMG-20230504-WA0001-480x360.jpg 480w\" sizes=\"(min-width: 0px) and (max-width: 480px) 480px, (min-width: 481px) and (max-width: 980px) 980px, (min-width: 981px) 1024px, 100vw\" \/><\/figure>\n\n\n\n<figure class=\"wp-block-image size-large\"><img loading=\"lazy\" decoding=\"async\" width=\"1024\" height=\"768\" data-id=\"1524\" src=\"https:\/\/csjc.cl\/wp-content\/uploads\/2023\/05\/IMG-20230504-WA0004.jpg\" alt=\"\" class=\"wp-image-1524\" srcset=\"https:\/\/csjc.cl\/wp-content\/uploads\/2023\/05\/IMG-20230504-WA0004.jpg 1024w, https:\/\/csjc.cl\/wp-content\/uploads\/2023\/05\/IMG-20230504-WA0004-980x735.jpg 980w, https:\/\/csjc.cl\/wp-content\/uploads\/2023\/05\/IMG-20230504-WA0004-480x360.jpg 480w\" sizes=\"(min-width: 0px) and (max-width: 480px) 480px, (min-width: 481px) and (max-width: 980px) 980px, (min-width: 981px) 1024px, 100vw\" \/><\/figure>\n\n\n\n<figure class=\"wp-block-image size-large\"><img loading=\"lazy\" decoding=\"async\" width=\"1024\" height=\"768\" data-id=\"1522\" src=\"https:\/\/csjc.cl\/wp-content\/uploads\/2023\/05\/IMG-20230504-WA0002.jpg\" alt=\"\" class=\"wp-image-1522\" srcset=\"https:\/\/csjc.cl\/wp-content\/uploads\/2023\/05\/IMG-20230504-WA0002.jpg 1024w, https:\/\/csjc.cl\/wp-content\/uploads\/2023\/05\/IMG-20230504-WA0002-980x735.jpg 980w, https:\/\/csjc.cl\/wp-content\/uploads\/2023\/05\/IMG-20230504-WA0002-480x360.jpg 480w\" sizes=\"(min-width: 0px) and (max-width: 480px) 480px, (min-width: 481px) and (max-width: 980px) 980px, (min-width: 981px) 1024px, 100vw\" \/><\/figure>\n\n\n\n<figure class=\"wp-block-image size-large\"><img loading=\"lazy\" decoding=\"async\" width=\"1024\" height=\"768\" data-id=\"1523\" src=\"https:\/\/csjc.cl\/wp-content\/uploads\/2023\/05\/IMG-20230504-WA0003.jpg\" alt=\"\" class=\"wp-image-1523\" srcset=\"https:\/\/csjc.cl\/wp-content\/uploads\/2023\/05\/IMG-20230504-WA0003.jpg 1024w, https:\/\/csjc.cl\/wp-content\/uploads\/2023\/05\/IMG-20230504-WA0003-980x735.jpg 980w, https:\/\/csjc.cl\/wp-content\/uploads\/2023\/05\/IMG-20230504-WA0003-480x360.jpg 480w\" sizes=\"(min-width: 0px) and (max-width: 480px) 480px, (min-width: 481px) and (max-width: 980px) 980px, (min-width: 981px) 1024px, 100vw\" \/><\/figure>\n<\/figure>\n","protected":false},"excerpt":{"rendered":"<p>El mi\u00e9rcoles 3 de abril se realiz\u00f3 la primera reuni\u00f3n de microcentros de padres dirigida por nuestra nueva directiva, electa el 11 de abril en votaci\u00f3n p\u00fablica. Esta reuni\u00f3n cont\u00f3 con la presencia de un representante de cada curso y la compa\u00f1\u00eda de miembros del equipo directivo. La nueva directiva del centro general de padres [&hellip;]<\/p>\n","protected":false},"author":1,"featured_media":1522,"comment_status":"closed","ping_status":"closed","sticky":false,"template":"","format":"standard","meta":{"_et_pb_use_builder":"off","_et_pb_old_content":"","_et_gb_content_width":"","footnotes":""},"categories":[4],"tags":[7,11,14,8,13,12],"class_list":["post-1521","post","type-post","status-publish","format-standard","has-post-thumbnail","hentry","category-noticias","tag-cabrero","tag-colegio-san-jose-cabrero","tag-colegios-arzobispado","tag-colegios-arzobispado-concepcion","tag-fundacion-cristo-rey","tag-fundacion-la-asuncion"],"_links":{"self":[{"href":"https:\/\/csjc.cl\/index.php\/wp-json\/wp\/v2\/posts\/1521"}],"collection":[{"href":"https:\/\/csjc.cl\/index.php\/wp-json\/wp\/v2\/posts"}],"about":[{"href":"https:\/\/csjc.cl\/index.php\/wp-json\/wp\/v2\/types\/post"}],"author":[{"embeddable":true,"href":"https:\/\/csjc.cl\/index.php\/wp-json\/wp\/v2\/users\/1"}],"replies":[{"embeddable":true,"href":"https:\/\/csjc.cl\/index.php\/wp-json\/wp\/v2\/comments?post=1521"}],"version-history":[{"count":1,"href":"https:\/\/csjc.cl\/index.php\/wp-json\/wp\/v2\/posts\/1521\/revisions"}],"predecessor-version":[{"id":1526,"href":"https:\/\/csjc.cl\/index.php\/wp-json\/wp\/v2\/posts\/1521\/revisions\/1526"}],"wp:featuredmedia":[{"embeddable":true,"href":"https:\/\/csjc.cl\/index.php\/wp-json\/wp\/v2\/media\/1522"}],"wp:attachment":[{"href":"https:\/\/csjc.cl\/index.php\/wp-json\/wp\/v2\/media?parent=1521"}],"wp:term":[{"taxonomy":"category","embeddable":true,"href":"https:\/\/csjc.cl\/index.php\/wp-json\/wp\/v2\/categories?post=1521"},{"taxonomy":"post_tag","embeddable":true,"href":"https:\/\/csjc.cl\/index.php\/wp-json\/wp\/v2\/tags?post=1521"}],"curies":[{"name":"wp","href":"https:\/\/api.w.org\/{rel}","templated":true}]}}