{"id":1435,"date":"2023-04-24T15:37:33","date_gmt":"2023-04-24T15:37:33","guid":{"rendered":"https:\/\/csjc.cl\/?p=1435"},"modified":"2023-04-26T11:53:41","modified_gmt":"2023-04-26T11:53:41","slug":"sindicato-de-trabajadores-de-cabrero-logra-acuerdo-con-fundacion-educacional","status":"publish","type":"post","link":"https:\/\/csjc.cl\/index.php\/2023\/04\/24\/sindicato-de-trabajadores-de-cabrero-logra-acuerdo-con-fundacion-educacional\/","title":{"rendered":"Sindicato de Trabajadores de Cabrero logra acuerdo con Fundaci\u00f3n Educacional"},"content":{"rendered":"\n<p><\/p>\n\n\n\n<p>Las Fundaciones Educacionales <strong>Cristo Rey<\/strong> y <strong>La Asunci\u00f3n<\/strong> se reunieron la ma\u00f1ana de este lunes con el <strong>Sindicato de Trabajadores del<\/strong> <strong>Colegio San Jos\u00e9 de Cabrero<\/strong> para lograr un acuerdo por parte de ambas partes.&nbsp;<\/p>\n\n\n\n<p>Este proceso consisti\u00f3 en la negociaci\u00f3n colectiva del sindicato, el cual negocia por primera vez, ya que se form\u00f3 el a\u00f1o pasado en el Colegio. Fue una negociaci\u00f3n reglada, la cual se rige por ciertos plazos y con la participaci\u00f3n de una mediadora de la Direcci\u00f3n del Trabajo para poder concluir con el proceso, ya que, en una instancia pasada votaron huelga al negarse a la \u00faltima oferta.\u00a0<\/p>\n\n\n\n<p>La Subdirectora de Gesti\u00f3n de Personas de las Fundaciones Educacionales, Susana Bucarey, mencion\u00f3 que \u201cnuestra intenci\u00f3n es apoyar la gesti\u00f3n del sindicato, ellos son representantes de todos los trabajadores y para nosotros es mucho mejor reunirnos con ellos y poder tener a su directiva como portavoz de las necesidades de todos sus trabajadores\u201d.<\/p>\n\n\n\n<p>Por otro lado, la Rectora del Colegio, Mar\u00eda Ivonne Orellana se\u00f1al\u00f3 \u201cme parece que esta es una instancia que marca un hito en la historia del colegio, me parece que es muy positivo que los trabajadores se puedan unir para conseguir mejoras en sus condiciones laborales y tambi\u00e9n estoy segura de que esta ha sido una instancia de conversaci\u00f3n en un contexto de respeto, de di\u00e1logo y creo que eso, es lo que se valora por sobre todas las cosas\u201d.<\/p>\n\n\n\n<p>Finalmente, el Presidente del Sindicato, Carlos Soto, enfatiz\u00f3 en su tranquilidad por este acuerdo. \u201cEstamos tranquilos, felices tambi\u00e9n por el proceso de que pudimos llegar a un acuerdo entre las partes. Fue un proceso de harto di\u00e1logo, de conversaciones, de escucha de las dos partes, de plantear ambos puntos de vista. Creemos que para nuestro sindicato que est\u00e1 iniciando este proceso, nosotros llevamos conformados menos de 4 meses y lograr acuerdos de corto periodo de tiempo es un gran logro para nosotros como sindicato y como colegio\u201d.<\/p>\n\n\n\n<p><\/p>\n\n\n\n<figure class=\"wp-block-gallery has-nested-images columns-default is-cropped wp-block-gallery-1 is-layout-flex wp-block-gallery-is-layout-flex\">\n<figure class=\"wp-block-image size-large\"><img loading=\"lazy\" decoding=\"async\" width=\"1024\" height=\"683\" data-id=\"1438\" src=\"https:\/\/csjc.cl\/wp-content\/uploads\/2023\/04\/IMG_1439-1024x683.jpg\" alt=\"\" class=\"wp-image-1438\" srcset=\"https:\/\/csjc.cl\/wp-content\/uploads\/2023\/04\/IMG_1439-980x653.jpg 980w, https:\/\/csjc.cl\/wp-content\/uploads\/2023\/04\/IMG_1439-480x320.jpg 480w\" sizes=\"(min-width: 0px) and (max-width: 480px) 480px, (min-width: 481px) and (max-width: 980px) 980px, (min-width: 981px) 1024px, 100vw\" \/><\/figure>\n\n\n\n<figure class=\"wp-block-image size-large\"><img loading=\"lazy\" decoding=\"async\" width=\"1024\" height=\"683\" data-id=\"1439\" src=\"https:\/\/csjc.cl\/wp-content\/uploads\/2023\/04\/IMG_1443-1024x683.jpg\" alt=\"\" class=\"wp-image-1439\" srcset=\"https:\/\/csjc.cl\/wp-content\/uploads\/2023\/04\/IMG_1443-980x653.jpg 980w, https:\/\/csjc.cl\/wp-content\/uploads\/2023\/04\/IMG_1443-480x320.jpg 480w\" sizes=\"(min-width: 0px) and (max-width: 480px) 480px, (min-width: 481px) and (max-width: 980px) 980px, (min-width: 981px) 1024px, 100vw\" \/><\/figure>\n\n\n\n<figure class=\"wp-block-image size-large\"><img loading=\"lazy\" decoding=\"async\" width=\"1024\" height=\"683\" data-id=\"1437\" src=\"https:\/\/csjc.cl\/wp-content\/uploads\/2023\/04\/IMG_1437-1024x683.jpg\" alt=\"\" class=\"wp-image-1437\" srcset=\"https:\/\/csjc.cl\/wp-content\/uploads\/2023\/04\/IMG_1437-980x653.jpg 980w, https:\/\/csjc.cl\/wp-content\/uploads\/2023\/04\/IMG_1437-480x320.jpg 480w\" sizes=\"(min-width: 0px) and (max-width: 480px) 480px, (min-width: 481px) and (max-width: 980px) 980px, (min-width: 981px) 1024px, 100vw\" \/><\/figure>\n\n\n\n<figure class=\"wp-block-image size-large\"><img loading=\"lazy\" decoding=\"async\" width=\"1024\" height=\"682\" data-id=\"1436\" src=\"https:\/\/csjc.cl\/wp-content\/uploads\/2023\/04\/WhatsApp-Image-2023-04-24-at-10.57.28-AM-1024x682.jpeg\" alt=\"\" class=\"wp-image-1436\" srcset=\"https:\/\/csjc.cl\/wp-content\/uploads\/2023\/04\/WhatsApp-Image-2023-04-24-at-10.57.28-AM-980x653.jpeg 980w, https:\/\/csjc.cl\/wp-content\/uploads\/2023\/04\/WhatsApp-Image-2023-04-24-at-10.57.28-AM-480x320.jpeg 480w\" sizes=\"(min-width: 0px) and (max-width: 480px) 480px, (min-width: 481px) and (max-width: 980px) 980px, (min-width: 981px) 1024px, 100vw\" \/><\/figure>\n<\/figure>\n","protected":false},"excerpt":{"rendered":"<p>Las Fundaciones Educacionales Cristo Rey y La Asunci\u00f3n se reunieron la ma\u00f1ana de este lunes con el Sindicato de Trabajadores del Colegio San Jos\u00e9 de Cabrero para lograr un acuerdo por parte de ambas partes.&nbsp; Este proceso consisti\u00f3 en la negociaci\u00f3n colectiva del sindicato, el cual negocia por primera vez, ya que se form\u00f3 el [&hellip;]<\/p>\n","protected":false},"author":1,"featured_media":1436,"comment_status":"closed","ping_status":"closed","sticky":false,"template":"","format":"standard","meta":{"_et_pb_use_builder":"off","_et_pb_old_content":"","_et_gb_content_width":"","footnotes":""},"categories":[4],"tags":[11,14,13,12,10],"class_list":["post-1435","post","type-post","status-publish","format-standard","has-post-thumbnail","hentry","category-noticias","tag-colegio-san-jose-cabrero","tag-colegios-arzobispado","tag-fundacion-cristo-rey","tag-fundacion-la-asuncion","tag-sindicato-de-trabajadores-colegio-san-jose-de-cabrero"],"_links":{"self":[{"href":"https:\/\/csjc.cl\/index.php\/wp-json\/wp\/v2\/posts\/1435"}],"collection":[{"href":"https:\/\/csjc.cl\/index.php\/wp-json\/wp\/v2\/posts"}],"about":[{"href":"https:\/\/csjc.cl\/index.php\/wp-json\/wp\/v2\/types\/post"}],"author":[{"embeddable":true,"href":"https:\/\/csjc.cl\/index.php\/wp-json\/wp\/v2\/users\/1"}],"replies":[{"embeddable":true,"href":"https:\/\/csjc.cl\/index.php\/wp-json\/wp\/v2\/comments?post=1435"}],"version-history":[{"count":3,"href":"https:\/\/csjc.cl\/index.php\/wp-json\/wp\/v2\/posts\/1435\/revisions"}],"predecessor-version":[{"id":1452,"href":"https:\/\/csjc.cl\/index.php\/wp-json\/wp\/v2\/posts\/1435\/revisions\/1452"}],"wp:featuredmedia":[{"embeddable":true,"href":"https:\/\/csjc.cl\/index.php\/wp-json\/wp\/v2\/media\/1436"}],"wp:attachment":[{"href":"https:\/\/csjc.cl\/index.php\/wp-json\/wp\/v2\/media?parent=1435"}],"wp:term":[{"taxonomy":"category","embeddable":true,"href":"https:\/\/csjc.cl\/index.php\/wp-json\/wp\/v2\/categories?post=1435"},{"taxonomy":"post_tag","embeddable":true,"href":"https:\/\/csjc.cl\/index.php\/wp-json\/wp\/v2\/tags?post=1435"}],"curies":[{"name":"wp","href":"https:\/\/api.w.org\/{rel}","templated":true}]}}